{"id":85,"date":"2014-12-04T19:13:10","date_gmt":"2014-12-04T18:13:10","guid":{"rendered":"http:\/\/www.empoliestoria.it\/?p=85"},"modified":"2014-12-04T19:13:10","modified_gmt":"2014-12-04T18:13:10","slug":"la-storia-di-empoli-dallarchivio-alle-vie-del-centro","status":"publish","type":"post","link":"https:\/\/www.empoliestoria.it\/?p=85","title":{"rendered":"La storia di Empoli dall&#8217;archivio alle vie del centro"},"content":{"rendered":"<a class=\"synved-social-button synved-social-button-share synved-social-size-32 synved-social-resolution-single synved-social-provider-facebook nolightbox\" data-provider=\"facebook\" target=\"_blank\" rel=\"nofollow\" title=\"Share on Facebook\" href=\"http:\/\/www.facebook.com\/sharer.php?u=https%3A%2F%2Fwww.empoliestoria.it%2Findex.php%3Frest_route%3D%252Fwp%252Fv2%252Fposts%252F85&#038;t=La%20storia%20di%20Empoli%20dall%E2%80%99archivio%20alle%20vie%20del%20centro&#038;s=100&#038;p&#091;url&#093;=https%3A%2F%2Fwww.empoliestoria.it%2Findex.php%3Frest_route%3D%252Fwp%252Fv2%252Fposts%252F85&#038;p&#091;images&#093;&#091;0&#093;=http%3A%2F%2Fwww.empoliestoria.it%2Fwp-content%2Fuploads%2F2014%2F12%2FVia-del-Giglio-in-una-cartolina-depoca-300x204.jpg&#038;p&#091;title&#093;=La%20storia%20di%20Empoli%20dall%E2%80%99archivio%20alle%20vie%20del%20centro\" style=\"font-size: 0px; width:32px;height:32px;margin:0;margin-bottom:5px;margin-right:5px;\"><img alt=\"Facebook\" title=\"Share on Facebook\" class=\"synved-share-image synved-social-image synved-social-image-share\" width=\"32\" height=\"32\" style=\"display: inline; width:32px;height:32px; margin: 0; padding: 0; border: none; box-shadow: none;\" src=\"https:\/\/www.empoliestoria.it\/wp-content\/plugins\/social-media-feather\/synved-social\/image\/social\/regular\/64x64\/facebook.png\" \/><\/a><a class=\"synved-social-button synved-social-button-share synved-social-size-32 synved-social-resolution-single synved-social-provider-twitter nolightbox\" data-provider=\"twitter\" target=\"_blank\" rel=\"nofollow\" title=\"Share on Twitter\" href=\"https:\/\/twitter.com\/intent\/tweet?url=https%3A%2F%2Fwww.empoliestoria.it%2Findex.php%3Frest_route%3D%252Fwp%252Fv2%252Fposts%252F85&#038;text=Hey%20check%20this%20out\" style=\"font-size: 0px; width:32px;height:32px;margin:0;margin-bottom:5px;\"><img alt=\"twitter\" title=\"Share on Twitter\" class=\"synved-share-image synved-social-image synved-social-image-share\" width=\"32\" height=\"32\" style=\"display: inline; width:32px;height:32px; margin: 0; padding: 0; border: none; box-shadow: none;\" src=\"https:\/\/www.empoliestoria.it\/wp-content\/plugins\/social-media-feather\/synved-social\/image\/social\/regular\/64x64\/twitter.png\" \/><\/a><a class=\"synved-social-credit\" target=\"_blank\" rel=\"nofollow\" title=\"WordPress Social Media Feather\" href=\"http:\/\/synved.com\/wordpress-social-media-feather\/\" style=\"color:#444; text-decoration:none; font-size:8px; margin-left:5px;vertical-align:10px;white-space:nowrap;\"><span>by <\/span><img style=\"display: inline;margin:0;padding:0;width:16px;height:16px;\" width=\"16\" height=\"16\" alt=\"feather\" src=\"https:\/\/www.empoliestoria.it\/wp-content\/plugins\/social-media-feather\/synved-social\/image\/icon.png\" \/><\/a><p><a href=\"http:\/\/www.empoliestoria.it\/wp-content\/uploads\/2014\/12\/Via-del-Giglio-in-una-cartolina-depoca.jpg\"><img loading=\"lazy\" class=\"alignleft wp-image-99 \" style=\"margin: 10px;\" src=\"http:\/\/www.empoliestoria.it\/wp-content\/uploads\/2014\/12\/Via-del-Giglio-in-una-cartolina-depoca-300x204.jpg\" alt=\"Via del Giglio in una cartolina d'epoca\" width=\"399\" height=\"272\" srcset=\"https:\/\/www.empoliestoria.it\/wp-content\/uploads\/2014\/12\/Via-del-Giglio-in-una-cartolina-depoca-300x204.jpg 300w, https:\/\/www.empoliestoria.it\/wp-content\/uploads\/2014\/12\/Via-del-Giglio-in-una-cartolina-depoca.jpg 842w\" sizes=\"(max-width: 399px) 100vw, 399px\" \/><\/a>Marted\u00ec 8 luglio 2014 si \u00e8 svolta la prima escursione storica per le vie del centro di Empoli nata dalla collaborazione tra le associazioni \u201cQuesta \u00e8 Empoli\u201d e \u201cAmici dell\u2019Archivio storico di Empoli&#8221;, rappresentate entrambe dallo storico Gabriele Beatrice, affiancato per l\u2019occasione dal dott. Carlo Pagliai.<\/p>\n<p>L\u2019evento, che ha visto la partecipazione di oltre sessanta cittadini interessati alla storia della citt\u00e0, ha avuto il fine di far uscire la ricerca e il dibattito storico dai loro confini tradizionali (l\u2019archivio, le associazioni culturali etc.) per portarli direttamente in quelle strade e piazze dove si \u00e8 concretamente svolta la storia della citt\u00e0, facendo toccare con mano ai partecipanti i suoi snodi fondamentali. Questo inusuale \u201cgiro\u201d del centro storico si \u00e8 svolto in un itinerario che, partito da porta Pisana, si \u00e8 concluso in via Chiara passando per due tappe intermedie, in piazza Farinata degli Uberti e in piazza del Popolo.<\/p>\n<p><!--more--><\/p>\n<p>Non si \u00e8 trattato solamente di un percorso fisico, volto alla (ri)scoperta di luoghi del centro spesso trascurati o dei quali non si conosce il valore storico. A questo si \u00e8 accompagnato infatti, in parallelo, un percorso tutto interno alla storia di Empoli, dal periodo medievale fino alle soglie dell\u2019Unit\u00e0, che ha cercato di dare conto delle numerose trasformazioni conosciute dalla citt\u00e0 nel corso dei secoli. Non solo, perch\u00e9 la ricostruzione del passato \u00e8 stata intesa come utile strumento per attuare una riflessione sulla contemporaneit\u00e0, mettendo in primo piano problematiche e temi che hanno contraddistinto e continuano a contraddistinguere Empoli tra passato e presente. In quest\u2019ottica i luoghi visitati sono serviti come testimonianze e indizi della storia empolese, soprattutto dall\u2019angolo di visuale della vita materiale degli abitanti dell\u2019antico castello.<\/p>\n<p>Il \u201cgiro storico\u201d cos\u00ec proposto ha cercato, nel corso delle prime due tappe, di seguire i cambiamenti della terra di Empoli tra medioevo ed et\u00e0 moderna: da luogo di confine al momento della sua fondazione medievale a \u201ccitt\u00e0-mercato\u201d, area centrale dal punto di vista geografico e snodo viario di grande importanza, terrestre come fluviale, a partire dal XV-XVI secolo. Le tappe in piazza del Popolo e via Chiara hanno invece testimoniato le trasformazioni conosciute da Empoli tra Sei e Settecento, quando la terra divenne una \u201cquasi citt\u00e0\u201d potendo progressivamente contare sulla presenza di influenti e ricche famiglie, di importanti istituzioni come l\u2019accademia culturale, il teatro e l\u2019ospedale, ottenendo anche di essere sede di vicariato e inglobando le comunit\u00e0 di Pontorme e Monterappoli per formare un unico comune. Proprio in questo contesto, infatti, furono poste le basi per la Empoli ottocentesca, sede di nuove e importanti industrie (come quella vetraria) e luogo di nascita di personalit\u00e0, come i Salvagnoli, legati alla vicenda risorgimentale e unitaria, alle soglie della quale l\u2019itinerario storico si \u00e8 concluso.<\/p>\n<p>Vista la partecipazione e l\u2019interesse suscitato dalla ricostruzione storica, con molte domande e richieste di approfondimento rivolte a oratori e organizzatori, con ogni probabilit\u00e0 l\u2019iniziativa verr\u00e0 replicata nei prossimi mesi, in modo da portare ancora nelle vie del centro l\u2019esperienza della ricerca storica ed esplorare cos\u00ec altri importanti aspetti, eventi e personalit\u00e0 del passato empolese.<\/p>\n<a class=\"synved-social-button synved-social-button-follow synved-social-size-32 synved-social-resolution-single synved-social-provider-facebook nolightbox\" data-provider=\"facebook\" target=\"_blank\" rel=\"nofollow\" title=\"Follow us on Facebook\" href=\"https:\/\/www.facebook.com\/pages\/Amici-dellArchivio-storico-di-Empoli\/605863682798798\" style=\"font-size: 0px; width:32px;height:32px;margin:0;margin-bottom:5px;margin-right:5px;\"><img alt=\"Facebook\" title=\"Follow us on Facebook\" class=\"synved-share-image synved-social-image synved-social-image-follow\" width=\"32\" height=\"32\" style=\"display: inline; width:32px;height:32px; margin: 0; padding: 0; border: none; box-shadow: none;\" src=\"https:\/\/www.empoliestoria.it\/wp-content\/plugins\/social-media-feather\/synved-social\/image\/social\/regular\/64x64\/facebook.png\" \/><\/a><a class=\"synved-social-button synved-social-button-follow synved-social-size-32 synved-social-resolution-single synved-social-provider-twitter nolightbox\" data-provider=\"twitter\" target=\"_blank\" rel=\"nofollow\" title=\"Follow us on Twitter\" href=\"https:\/\/twitter.com\/Empoli_e_Storia\" style=\"font-size: 0px; width:32px;height:32px;margin:0;margin-bottom:5px;\"><img alt=\"twitter\" title=\"Follow us on Twitter\" class=\"synved-share-image synved-social-image synved-social-image-follow\" width=\"32\" height=\"32\" style=\"display: inline; width:32px;height:32px; margin: 0; padding: 0; border: none; box-shadow: none;\" src=\"https:\/\/www.empoliestoria.it\/wp-content\/plugins\/social-media-feather\/synved-social\/image\/social\/regular\/64x64\/twitter.png\" \/><\/a><a class=\"synved-social-credit\" target=\"_blank\" rel=\"nofollow\" title=\"WordPress Social Media Feather\" href=\"http:\/\/synved.com\/wordpress-social-media-feather\/\" style=\"color:#444; text-decoration:none; font-size:8px; margin-left:5px;vertical-align:10px;white-space:nowrap;\"><span>by <\/span><img style=\"display: inline;margin:0;padding:0;width:16px;height:16px;\" width=\"16\" height=\"16\" alt=\"feather\" src=\"https:\/\/www.empoliestoria.it\/wp-content\/plugins\/social-media-feather\/synved-social\/image\/icon.png\" \/><\/a>","protected":false},"excerpt":{"rendered":"<p>by Marted\u00ec 8 luglio 2014 si \u00e8 svolta la prima escursione storica per le vie del centro di Empoli nata dalla collaborazione tra le associazioni \u201cQuesta \u00e8 Empoli\u201d e \u201cAmici dell\u2019Archivio storico di Empoli&#8221;, rappresentate entrambe dallo storico Gabriele Beatrice, affiancato per l\u2019occasione dal dott. Carlo Pagliai. L\u2019evento, che ha visto la partecipazione di oltre [&hellip;]<\/p>\n","protected":false},"author":2,"featured_media":0,"comment_status":"open","ping_status":"open","sticky":false,"template":"","format":"standard","meta":[],"categories":[1],"tags":[],"_links":{"self":[{"href":"https:\/\/www.empoliestoria.it\/index.php?rest_route=\/wp\/v2\/posts\/85"}],"collection":[{"href":"https:\/\/www.empoliestoria.it\/index.php?rest_route=\/wp\/v2\/posts"}],"about":[{"href":"https:\/\/www.empoliestoria.it\/index.php?rest_route=\/wp\/v2\/types\/post"}],"author":[{"embeddable":true,"href":"https:\/\/www.empoliestoria.it\/index.php?rest_route=\/wp\/v2\/users\/2"}],"replies":[{"embeddable":true,"href":"https:\/\/www.empoliestoria.it\/index.php?rest_route=%2Fwp%2Fv2%2Fcomments&post=85"}],"version-history":[{"count":12,"href":"https:\/\/www.empoliestoria.it\/index.php?rest_route=\/wp\/v2\/posts\/85\/revisions"}],"predecessor-version":[{"id":100,"href":"https:\/\/www.empoliestoria.it\/index.php?rest_route=\/wp\/v2\/posts\/85\/revisions\/100"}],"wp:attachment":[{"href":"https:\/\/www.empoliestoria.it\/index.php?rest_route=%2Fwp%2Fv2%2Fmedia&parent=85"}],"wp:term":[{"taxonomy":"category","embeddable":true,"href":"https:\/\/www.empoliestoria.it\/index.php?rest_route=%2Fwp%2Fv2%2Fcategories&post=85"},{"taxonomy":"post_tag","embeddable":true,"href":"https:\/\/www.empoliestoria.it\/index.php?rest_route=%2Fwp%2Fv2%2Ftags&post=85"}],"curies":[{"name":"wp","href":"https:\/\/api.w.org\/{rel}","templated":true}]}}